{"id":110,"date":"2025-07-29T17:29:35","date_gmt":"2025-07-29T17:29:35","guid":{"rendered":"https:\/\/sustentabilidadeemcampo.com.br\/site\/?p=110"},"modified":"2025-08-04T11:38:49","modified_gmt":"2025-08-04T11:38:49","slug":"forum-sustentabilidade-em-campo","status":"publish","type":"post","link":"https:\/\/sustentabilidadeemcampo.com.br\/site\/index.php\/2025\/07\/29\/forum-sustentabilidade-em-campo\/","title":{"rendered":"PROGRAMA\u00c7\u00c3O: F\u00d3RUM SUSTENTABILIDADE EM CAMPO"},"content":{"rendered":"\t\t<div data-elementor-type=\"wp-post\" data-elementor-id=\"110\" class=\"elementor elementor-110\">\n\t\t\t\t<div class=\"elementor-element elementor-element-5815cb4 e-flex e-con-boxed e-con e-parent\" data-id=\"5815cb4\" data-element_type=\"container\">\n\t\t\t\t\t<div class=\"e-con-inner\">\n\t\t\t\t<div class=\"elementor-element elementor-element-ea9ab72 elementor-widget elementor-widget-text-editor\" data-id=\"ea9ab72\" data-element_type=\"widget\" data-widget_type=\"text-editor.default\">\n\t\t\t\t\t\t\t\t\t<!DOCTYPE html>\n<html lang=\"pt-BR\">\n<head>\n<meta charset=\"UTF-8\">\n<meta name=\"viewport\" content=\"width=device-width, initial-scale=1.0\">\n<title>Programa\u00e7\u00e3o do Evento<\/title>\n<style>\n  .programacao p {\n    line-height: 1.5;\n  }\n<\/style>\n<\/head>\n<body>\n\n<div class=\"programacao\">\n  <p><b>8h &#8211; 8h30:<\/b> Recep\u00e7\u00e3o com caf\u00e9 da manh\u00e3 e credenciamento<\/p>\n  <p><b>8h30 &#8211; 9h20:<\/b> Boas-vindas e objetivos do f\u00f3rum (\u00cdndice e Movimento)<\/p>\n  <p><b>9h20 &#8211; 10h20:<\/b> Sustentabilidade em grandes eventos esportivos: uma jogada de sucesso<\/p>\n  <p><b>10h20 &#8211; 11h20:<\/b> Como os clubes brasileiros de futebol e as federa\u00e7\u00f5es estaduais est\u00e3o trabalhando o tema de ESG<\/p>\n  <p><b>11h20 &#8211; 12h20:<\/b> Transpar\u00eancia e Governan\u00e7a Corporativa aplicadas aos clubes de futebol<\/p>\n  <p><b>12h20 &#8211; 13h30:<\/b> Almo\u00e7o<\/p>\n  <p><b>13h30 &#8211; 14h50:<\/b> Desafios do futebol: combate ao racismo, ass\u00e9dio, inclus\u00e3o social e educa\u00e7\u00e3o<\/p>\n  <p><b>14h50 &#8211; 15h50:<\/b> Desafios do futebol feminino<\/p>\n  <p><b>15h50 &#8211; 16h10:<\/b> Coffee break<\/p>\n  <p><b>16h10 &#8211; 17h10:<\/b> Impactos ambientais de grandes eventos e eventos esportivos<\/p>\n  <p><b>17h10 &#8211; 18h10:<\/b> O Avan\u00e7o da Equidade de G\u00eanero em grandes eventos no Brasil<\/p>\n  <p><b>18h10 &#8211; 19h10:<\/b> Copas de Futebol Masculino e Feminino: Sustentabilidade como estrat\u00e9gia de atra\u00e7\u00e3o de investimentos e impacto positivo para o Brasil<\/p>\n  <p><b>19h10 &#8211; 19h30:<\/b> Encerramento, apresenta\u00e7\u00e3o da nova marca, agradecimentos<\/p>\n  <p><b>19h30 &#8211; 21h30:<\/b> Coquetel de encerramento<\/p>\n<\/div>\n\n<\/body>\n<\/html>\t\t\t\t\t\t\t\t<\/div>\n\t\t\t\t\t<\/div>\n\t\t\t\t<\/div>\n\t\t\t\t<\/div>\n\t\t","protected":false},"excerpt":{"rendered":"<p>Programa\u00e7\u00e3o do Evento 8h &#8211; 8h30: Recep\u00e7\u00e3o com caf\u00e9 da manh\u00e3 e credenciamento 8h30 &#8211; 9h20: Boas-vindas e objetivos do f\u00f3rum (\u00cdndice e Movimento) 9h20 &#8211; 10h20: Sustentabilidade em grandes eventos esportivos: uma jogada de sucesso 10h20 &#8211; 11h20: Como os clubes brasileiros de futebol e as federa\u00e7\u00f5es estaduais est\u00e3o trabalhando o tema de ESG [&hellip;]<\/p>\n","protected":false},"author":1,"featured_media":30,"comment_status":"open","ping_status":"open","sticky":false,"template":"","format":"standard","meta":{"footnotes":""},"categories":[1],"tags":[],"class_list":["post-110","post","type-post","status-publish","format-standard","has-post-thumbnail","hentry","category-uncategorized"],"yoast_head":"<!-- This site is optimized with the Yoast SEO plugin v25.1 - https:\/\/yoast.com\/wordpress\/plugins\/seo\/ -->\n<title>PROGRAMA\u00c7\u00c3O: F\u00d3RUM SUSTENTABILIDADE EM CAMPO - Sustentabilidade em Campo<\/title>\n<meta name=\"robots\" content=\"index, follow, max-snippet:-1, max-image-preview:large, max-video-preview:-1\" \/>\n<link rel=\"canonical\" href=\"https:\/\/sustentabilidadeemcampo.com.br\/site\/index.php\/2025\/07\/29\/forum-sustentabilidade-em-campo\/\" \/>\n<meta property=\"og:locale\" content=\"pt_BR\" \/>\n<meta property=\"og:type\" content=\"article\" \/>\n<meta property=\"og:title\" content=\"PROGRAMA\u00c7\u00c3O: F\u00d3RUM SUSTENTABILIDADE EM CAMPO - Sustentabilidade em Campo\" \/>\n<meta property=\"og:description\" content=\"Programa\u00e7\u00e3o do Evento 8h &#8211; 8h30: Recep\u00e7\u00e3o com caf\u00e9 da manh\u00e3 e credenciamento 8h30 &#8211; 9h20: Boas-vindas e objetivos do f\u00f3rum (\u00cdndice e Movimento) 9h20 &#8211; 10h20: Sustentabilidade em grandes eventos esportivos: uma jogada de sucesso 10h20 &#8211; 11h20: Como os clubes brasileiros de futebol e as federa\u00e7\u00f5es estaduais est\u00e3o trabalhando o tema de ESG [&hellip;]\" \/>\n<meta property=\"og:url\" content=\"https:\/\/sustentabilidadeemcampo.com.br\/site\/index.php\/2025\/07\/29\/forum-sustentabilidade-em-campo\/\" \/>\n<meta property=\"og:site_name\" content=\"Sustentabilidade em Campo\" \/>\n<meta property=\"article:published_time\" content=\"2025-07-29T17:29:35+00:00\" \/>\n<meta property=\"article:modified_time\" content=\"2025-08-04T11:38:49+00:00\" \/>\n<meta property=\"og:image\" content=\"https:\/\/sustentabilidadeemcampo.com.br\/site\/wp-content\/uploads\/2025\/05\/bg-pacaembu.jpg\" \/>\n\t<meta property=\"og:image:width\" content=\"1280\" \/>\n\t<meta property=\"og:image:height\" content=\"853\" \/>\n\t<meta property=\"og:image:type\" content=\"image\/jpeg\" \/>\n<meta name=\"author\" content=\"admin\" \/>\n<meta name=\"twitter:card\" content=\"summary_large_image\" \/>\n<meta name=\"twitter:label1\" content=\"Escrito por\" \/>\n\t<meta name=\"twitter:data1\" content=\"admin\" \/>\n\t<meta name=\"twitter:label2\" content=\"Est. tempo de leitura\" \/>\n\t<meta name=\"twitter:data2\" content=\"1 minuto\" \/>\n<script type=\"application\/ld+json\" class=\"yoast-schema-graph\">{\"@context\":\"https:\/\/schema.org\",\"@graph\":[{\"@type\":\"Article\",\"@id\":\"https:\/\/sustentabilidadeemcampo.com.br\/site\/index.php\/2025\/07\/29\/forum-sustentabilidade-em-campo\/#article\",\"isPartOf\":{\"@id\":\"https:\/\/sustentabilidadeemcampo.com.br\/site\/index.php\/2025\/07\/29\/forum-sustentabilidade-em-campo\/\"},\"author\":{\"name\":\"admin\",\"@id\":\"https:\/\/sustentabilidadeemcampo.com.br\/site\/#\/schema\/person\/38ec3e78387425663bac066879932e5c\"},\"headline\":\"PROGRAMA\u00c7\u00c3O: F\u00d3RUM SUSTENTABILIDADE EM CAMPO\",\"datePublished\":\"2025-07-29T17:29:35+00:00\",\"dateModified\":\"2025-08-04T11:38:49+00:00\",\"mainEntityOfPage\":{\"@id\":\"https:\/\/sustentabilidadeemcampo.com.br\/site\/index.php\/2025\/07\/29\/forum-sustentabilidade-em-campo\/\"},\"wordCount\":182,\"commentCount\":0,\"publisher\":{\"@id\":\"https:\/\/sustentabilidadeemcampo.com.br\/site\/#organization\"},\"image\":{\"@id\":\"https:\/\/sustentabilidadeemcampo.com.br\/site\/index.php\/2025\/07\/29\/forum-sustentabilidade-em-campo\/#primaryimage\"},\"thumbnailUrl\":\"https:\/\/sustentabilidadeemcampo.com.br\/site\/wp-content\/uploads\/2025\/05\/bg-pacaembu.jpg\",\"articleSection\":[\"Uncategorized\"],\"inLanguage\":\"pt-BR\",\"potentialAction\":[{\"@type\":\"CommentAction\",\"name\":\"Comment\",\"target\":[\"https:\/\/sustentabilidadeemcampo.com.br\/site\/index.php\/2025\/07\/29\/forum-sustentabilidade-em-campo\/#respond\"]}]},{\"@type\":\"WebPage\",\"@id\":\"https:\/\/sustentabilidadeemcampo.com.br\/site\/index.php\/2025\/07\/29\/forum-sustentabilidade-em-campo\/\",\"url\":\"https:\/\/sustentabilidadeemcampo.com.br\/site\/index.php\/2025\/07\/29\/forum-sustentabilidade-em-campo\/\",\"name\":\"PROGRAMA\u00c7\u00c3O: F\u00d3RUM SUSTENTABILIDADE EM CAMPO - Sustentabilidade em Campo\",\"isPartOf\":{\"@id\":\"https:\/\/sustentabilidadeemcampo.com.br\/site\/#website\"},\"primaryImageOfPage\":{\"@id\":\"https:\/\/sustentabilidadeemcampo.com.br\/site\/index.php\/2025\/07\/29\/forum-sustentabilidade-em-campo\/#primaryimage\"},\"image\":{\"@id\":\"https:\/\/sustentabilidadeemcampo.com.br\/site\/index.php\/2025\/07\/29\/forum-sustentabilidade-em-campo\/#primaryimage\"},\"thumbnailUrl\":\"https:\/\/sustentabilidadeemcampo.com.br\/site\/wp-content\/uploads\/2025\/05\/bg-pacaembu.jpg\",\"datePublished\":\"2025-07-29T17:29:35+00:00\",\"dateModified\":\"2025-08-04T11:38:49+00:00\",\"breadcrumb\":{\"@id\":\"https:\/\/sustentabilidadeemcampo.com.br\/site\/index.php\/2025\/07\/29\/forum-sustentabilidade-em-campo\/#breadcrumb\"},\"inLanguage\":\"pt-BR\",\"potentialAction\":[{\"@type\":\"ReadAction\",\"target\":[\"https:\/\/sustentabilidadeemcampo.com.br\/site\/index.php\/2025\/07\/29\/forum-sustentabilidade-em-campo\/\"]}]},{\"@type\":\"ImageObject\",\"inLanguage\":\"pt-BR\",\"@id\":\"https:\/\/sustentabilidadeemcampo.com.br\/site\/index.php\/2025\/07\/29\/forum-sustentabilidade-em-campo\/#primaryimage\",\"url\":\"https:\/\/sustentabilidadeemcampo.com.br\/site\/wp-content\/uploads\/2025\/05\/bg-pacaembu.jpg\",\"contentUrl\":\"https:\/\/sustentabilidadeemcampo.com.br\/site\/wp-content\/uploads\/2025\/05\/bg-pacaembu.jpg\",\"width\":1280,\"height\":853},{\"@type\":\"BreadcrumbList\",\"@id\":\"https:\/\/sustentabilidadeemcampo.com.br\/site\/index.php\/2025\/07\/29\/forum-sustentabilidade-em-campo\/#breadcrumb\",\"itemListElement\":[{\"@type\":\"ListItem\",\"position\":1,\"name\":\"In\u00edcio\",\"item\":\"https:\/\/sustentabilidadeemcampo.com.br\/site\/\"},{\"@type\":\"ListItem\",\"position\":2,\"name\":\"PROGRAMA\u00c7\u00c3O: F\u00d3RUM SUSTENTABILIDADE EM CAMPO\"}]},{\"@type\":\"WebSite\",\"@id\":\"https:\/\/sustentabilidadeemcampo.com.br\/site\/#website\",\"url\":\"https:\/\/sustentabilidadeemcampo.com.br\/site\/\",\"name\":\"Sustentabilidade em Campo\",\"description\":\"Site oficial do F\u00f3rum Sustentabilidade em Campo\",\"publisher\":{\"@id\":\"https:\/\/sustentabilidadeemcampo.com.br\/site\/#organization\"},\"potentialAction\":[{\"@type\":\"SearchAction\",\"target\":{\"@type\":\"EntryPoint\",\"urlTemplate\":\"https:\/\/sustentabilidadeemcampo.com.br\/site\/?s={search_term_string}\"},\"query-input\":{\"@type\":\"PropertyValueSpecification\",\"valueRequired\":true,\"valueName\":\"search_term_string\"}}],\"inLanguage\":\"pt-BR\"},{\"@type\":\"Organization\",\"@id\":\"https:\/\/sustentabilidadeemcampo.com.br\/site\/#organization\",\"name\":\"Sustentabilidade em Campo\",\"url\":\"https:\/\/sustentabilidadeemcampo.com.br\/site\/\",\"logo\":{\"@type\":\"ImageObject\",\"inLanguage\":\"pt-BR\",\"@id\":\"https:\/\/sustentabilidadeemcampo.com.br\/site\/#\/schema\/logo\/image\/\",\"url\":\"https:\/\/sustentabilidadeemcampo.com.br\/site\/wp-content\/uploads\/2025\/05\/cropped-Logos-web.png\",\"contentUrl\":\"https:\/\/sustentabilidadeemcampo.com.br\/site\/wp-content\/uploads\/2025\/05\/cropped-Logos-web.png\",\"width\":691,\"height\":170,\"caption\":\"Sustentabilidade em Campo\"},\"image\":{\"@id\":\"https:\/\/sustentabilidadeemcampo.com.br\/site\/#\/schema\/logo\/image\/\"}},{\"@type\":\"Person\",\"@id\":\"https:\/\/sustentabilidadeemcampo.com.br\/site\/#\/schema\/person\/38ec3e78387425663bac066879932e5c\",\"name\":\"admin\",\"image\":{\"@type\":\"ImageObject\",\"inLanguage\":\"pt-BR\",\"@id\":\"https:\/\/sustentabilidadeemcampo.com.br\/site\/#\/schema\/person\/image\/\",\"url\":\"https:\/\/secure.gravatar.com\/avatar\/45bf5cb00e5be4f4fab1ec0f089cea06708a8b4d365ca6a6664ed43eea66242a?s=96&d=mm&r=g\",\"contentUrl\":\"https:\/\/secure.gravatar.com\/avatar\/45bf5cb00e5be4f4fab1ec0f089cea06708a8b4d365ca6a6664ed43eea66242a?s=96&d=mm&r=g\",\"caption\":\"admin\"},\"sameAs\":[\"https:\/\/sustentabilidadeemcampo.com.br\/site\"],\"url\":\"https:\/\/sustentabilidadeemcampo.com.br\/site\/index.php\/author\/admin\/\"}]}<\/script>\n<!-- \/ Yoast SEO plugin. -->","yoast_head_json":{"title":"PROGRAMA\u00c7\u00c3O: F\u00d3RUM SUSTENTABILIDADE EM CAMPO - Sustentabilidade em Campo","robots":{"index":"index","follow":"follow","max-snippet":"max-snippet:-1","max-image-preview":"max-image-preview:large","max-video-preview":"max-video-preview:-1"},"canonical":"https:\/\/sustentabilidadeemcampo.com.br\/site\/index.php\/2025\/07\/29\/forum-sustentabilidade-em-campo\/","og_locale":"pt_BR","og_type":"article","og_title":"PROGRAMA\u00c7\u00c3O: F\u00d3RUM SUSTENTABILIDADE EM CAMPO - Sustentabilidade em Campo","og_description":"Programa\u00e7\u00e3o do Evento 8h &#8211; 8h30: Recep\u00e7\u00e3o com caf\u00e9 da manh\u00e3 e credenciamento 8h30 &#8211; 9h20: Boas-vindas e objetivos do f\u00f3rum (\u00cdndice e Movimento) 9h20 &#8211; 10h20: Sustentabilidade em grandes eventos esportivos: uma jogada de sucesso 10h20 &#8211; 11h20: Como os clubes brasileiros de futebol e as federa\u00e7\u00f5es estaduais est\u00e3o trabalhando o tema de ESG [&hellip;]","og_url":"https:\/\/sustentabilidadeemcampo.com.br\/site\/index.php\/2025\/07\/29\/forum-sustentabilidade-em-campo\/","og_site_name":"Sustentabilidade em Campo","article_published_time":"2025-07-29T17:29:35+00:00","article_modified_time":"2025-08-04T11:38:49+00:00","og_image":[{"width":1280,"height":853,"url":"https:\/\/sustentabilidadeemcampo.com.br\/site\/wp-content\/uploads\/2025\/05\/bg-pacaembu.jpg","type":"image\/jpeg"}],"author":"admin","twitter_card":"summary_large_image","twitter_misc":{"Escrito por":"admin","Est. tempo de leitura":"1 minuto"},"schema":{"@context":"https:\/\/schema.org","@graph":[{"@type":"Article","@id":"https:\/\/sustentabilidadeemcampo.com.br\/site\/index.php\/2025\/07\/29\/forum-sustentabilidade-em-campo\/#article","isPartOf":{"@id":"https:\/\/sustentabilidadeemcampo.com.br\/site\/index.php\/2025\/07\/29\/forum-sustentabilidade-em-campo\/"},"author":{"name":"admin","@id":"https:\/\/sustentabilidadeemcampo.com.br\/site\/#\/schema\/person\/38ec3e78387425663bac066879932e5c"},"headline":"PROGRAMA\u00c7\u00c3O: F\u00d3RUM SUSTENTABILIDADE EM CAMPO","datePublished":"2025-07-29T17:29:35+00:00","dateModified":"2025-08-04T11:38:49+00:00","mainEntityOfPage":{"@id":"https:\/\/sustentabilidadeemcampo.com.br\/site\/index.php\/2025\/07\/29\/forum-sustentabilidade-em-campo\/"},"wordCount":182,"commentCount":0,"publisher":{"@id":"https:\/\/sustentabilidadeemcampo.com.br\/site\/#organization"},"image":{"@id":"https:\/\/sustentabilidadeemcampo.com.br\/site\/index.php\/2025\/07\/29\/forum-sustentabilidade-em-campo\/#primaryimage"},"thumbnailUrl":"https:\/\/sustentabilidadeemcampo.com.br\/site\/wp-content\/uploads\/2025\/05\/bg-pacaembu.jpg","articleSection":["Uncategorized"],"inLanguage":"pt-BR","potentialAction":[{"@type":"CommentAction","name":"Comment","target":["https:\/\/sustentabilidadeemcampo.com.br\/site\/index.php\/2025\/07\/29\/forum-sustentabilidade-em-campo\/#respond"]}]},{"@type":"WebPage","@id":"https:\/\/sustentabilidadeemcampo.com.br\/site\/index.php\/2025\/07\/29\/forum-sustentabilidade-em-campo\/","url":"https:\/\/sustentabilidadeemcampo.com.br\/site\/index.php\/2025\/07\/29\/forum-sustentabilidade-em-campo\/","name":"PROGRAMA\u00c7\u00c3O: F\u00d3RUM SUSTENTABILIDADE EM CAMPO - Sustentabilidade em Campo","isPartOf":{"@id":"https:\/\/sustentabilidadeemcampo.com.br\/site\/#website"},"primaryImageOfPage":{"@id":"https:\/\/sustentabilidadeemcampo.com.br\/site\/index.php\/2025\/07\/29\/forum-sustentabilidade-em-campo\/#primaryimage"},"image":{"@id":"https:\/\/sustentabilidadeemcampo.com.br\/site\/index.php\/2025\/07\/29\/forum-sustentabilidade-em-campo\/#primaryimage"},"thumbnailUrl":"https:\/\/sustentabilidadeemcampo.com.br\/site\/wp-content\/uploads\/2025\/05\/bg-pacaembu.jpg","datePublished":"2025-07-29T17:29:35+00:00","dateModified":"2025-08-04T11:38:49+00:00","breadcrumb":{"@id":"https:\/\/sustentabilidadeemcampo.com.br\/site\/index.php\/2025\/07\/29\/forum-sustentabilidade-em-campo\/#breadcrumb"},"inLanguage":"pt-BR","potentialAction":[{"@type":"ReadAction","target":["https:\/\/sustentabilidadeemcampo.com.br\/site\/index.php\/2025\/07\/29\/forum-sustentabilidade-em-campo\/"]}]},{"@type":"ImageObject","inLanguage":"pt-BR","@id":"https:\/\/sustentabilidadeemcampo.com.br\/site\/index.php\/2025\/07\/29\/forum-sustentabilidade-em-campo\/#primaryimage","url":"https:\/\/sustentabilidadeemcampo.com.br\/site\/wp-content\/uploads\/2025\/05\/bg-pacaembu.jpg","contentUrl":"https:\/\/sustentabilidadeemcampo.com.br\/site\/wp-content\/uploads\/2025\/05\/bg-pacaembu.jpg","width":1280,"height":853},{"@type":"BreadcrumbList","@id":"https:\/\/sustentabilidadeemcampo.com.br\/site\/index.php\/2025\/07\/29\/forum-sustentabilidade-em-campo\/#breadcrumb","itemListElement":[{"@type":"ListItem","position":1,"name":"In\u00edcio","item":"https:\/\/sustentabilidadeemcampo.com.br\/site\/"},{"@type":"ListItem","position":2,"name":"PROGRAMA\u00c7\u00c3O: F\u00d3RUM SUSTENTABILIDADE EM CAMPO"}]},{"@type":"WebSite","@id":"https:\/\/sustentabilidadeemcampo.com.br\/site\/#website","url":"https:\/\/sustentabilidadeemcampo.com.br\/site\/","name":"Sustentabilidade em Campo","description":"Site oficial do F\u00f3rum Sustentabilidade em Campo","publisher":{"@id":"https:\/\/sustentabilidadeemcampo.com.br\/site\/#organization"},"potentialAction":[{"@type":"SearchAction","target":{"@type":"EntryPoint","urlTemplate":"https:\/\/sustentabilidadeemcampo.com.br\/site\/?s={search_term_string}"},"query-input":{"@type":"PropertyValueSpecification","valueRequired":true,"valueName":"search_term_string"}}],"inLanguage":"pt-BR"},{"@type":"Organization","@id":"https:\/\/sustentabilidadeemcampo.com.br\/site\/#organization","name":"Sustentabilidade em Campo","url":"https:\/\/sustentabilidadeemcampo.com.br\/site\/","logo":{"@type":"ImageObject","inLanguage":"pt-BR","@id":"https:\/\/sustentabilidadeemcampo.com.br\/site\/#\/schema\/logo\/image\/","url":"https:\/\/sustentabilidadeemcampo.com.br\/site\/wp-content\/uploads\/2025\/05\/cropped-Logos-web.png","contentUrl":"https:\/\/sustentabilidadeemcampo.com.br\/site\/wp-content\/uploads\/2025\/05\/cropped-Logos-web.png","width":691,"height":170,"caption":"Sustentabilidade em Campo"},"image":{"@id":"https:\/\/sustentabilidadeemcampo.com.br\/site\/#\/schema\/logo\/image\/"}},{"@type":"Person","@id":"https:\/\/sustentabilidadeemcampo.com.br\/site\/#\/schema\/person\/38ec3e78387425663bac066879932e5c","name":"admin","image":{"@type":"ImageObject","inLanguage":"pt-BR","@id":"https:\/\/sustentabilidadeemcampo.com.br\/site\/#\/schema\/person\/image\/","url":"https:\/\/secure.gravatar.com\/avatar\/45bf5cb00e5be4f4fab1ec0f089cea06708a8b4d365ca6a6664ed43eea66242a?s=96&d=mm&r=g","contentUrl":"https:\/\/secure.gravatar.com\/avatar\/45bf5cb00e5be4f4fab1ec0f089cea06708a8b4d365ca6a6664ed43eea66242a?s=96&d=mm&r=g","caption":"admin"},"sameAs":["https:\/\/sustentabilidadeemcampo.com.br\/site"],"url":"https:\/\/sustentabilidadeemcampo.com.br\/site\/index.php\/author\/admin\/"}]}},"_links":{"self":[{"href":"https:\/\/sustentabilidadeemcampo.com.br\/site\/index.php\/wp-json\/wp\/v2\/posts\/110","targetHints":{"allow":["GET"]}}],"collection":[{"href":"https:\/\/sustentabilidadeemcampo.com.br\/site\/index.php\/wp-json\/wp\/v2\/posts"}],"about":[{"href":"https:\/\/sustentabilidadeemcampo.com.br\/site\/index.php\/wp-json\/wp\/v2\/types\/post"}],"author":[{"embeddable":true,"href":"https:\/\/sustentabilidadeemcampo.com.br\/site\/index.php\/wp-json\/wp\/v2\/users\/1"}],"replies":[{"embeddable":true,"href":"https:\/\/sustentabilidadeemcampo.com.br\/site\/index.php\/wp-json\/wp\/v2\/comments?post=110"}],"version-history":[{"count":6,"href":"https:\/\/sustentabilidadeemcampo.com.br\/site\/index.php\/wp-json\/wp\/v2\/posts\/110\/revisions"}],"predecessor-version":[{"id":229,"href":"https:\/\/sustentabilidadeemcampo.com.br\/site\/index.php\/wp-json\/wp\/v2\/posts\/110\/revisions\/229"}],"wp:featuredmedia":[{"embeddable":true,"href":"https:\/\/sustentabilidadeemcampo.com.br\/site\/index.php\/wp-json\/wp\/v2\/media\/30"}],"wp:attachment":[{"href":"https:\/\/sustentabilidadeemcampo.com.br\/site\/index.php\/wp-json\/wp\/v2\/media?parent=110"}],"wp:term":[{"taxonomy":"category","embeddable":true,"href":"https:\/\/sustentabilidadeemcampo.com.br\/site\/index.php\/wp-json\/wp\/v2\/categories?post=110"},{"taxonomy":"post_tag","embeddable":true,"href":"https:\/\/sustentabilidadeemcampo.com.br\/site\/index.php\/wp-json\/wp\/v2\/tags?post=110"}],"curies":[{"name":"wp","href":"https:\/\/api.w.org\/{rel}","templated":true}]}}